{"id":12266,"date":"2025-12-04T15:56:45","date_gmt":"2025-12-04T15:56:45","guid":{"rendered":"https:\/\/www.capkelenn.com\/?p=12266"},"modified":"2025-12-04T16:19:44","modified_gmt":"2025-12-04T16:19:44","slug":"travailleriez-vous-avec-nimporte-quel-coach","status":"publish","type":"post","link":"https:\/\/www.capkelenn.com\/fr\/blog-fr\/travailleriez-vous-avec-nimporte-quel-coach\/","title":{"rendered":"Travailleriez-vous avec n\u2019importe quel \u00ab\u00a0coach\u00a0\u00bb ?"},"content":{"rendered":"<p>[vc_row full_width=\u00a0\u00bbstretch_row_content_no_spaces\u00a0\u00bb el_class=\u00a0\u00bbcabecera-post-blog\u00a0\u00bb][vc_column][vc_single_image source=\u00a0\u00bbfeatured_image\u00a0\u00bb img_size=\u00a0\u00bbfull\u00a0\u00bb][vc_custom_heading source=\u00a0\u00bbpost_title\u00a0\u00bb font_container=\u00a0\u00bbtag:h1|text_align:left\u00a0\u00bb use_theme_fonts=\u00a0\u00bbyes\u00a0\u00bb el_class=\u00a0\u00bbcolor-blanco\u00a0\u00bb][\/vc_column][\/vc_row][vc_row][vc_column]<div class=\"ult-spacer spacer-69f1bc301450e\" data-id=\"69f1bc301450e\" data-height=\"30\" data-height-mobile=\"30\" data-height-tab=\"30\" data-height-tab-portrait=\"\" data-height-mobile-landscape=\"\" style=\"clear:both;display:block;\"><\/div>[\/vc_column][\/vc_row][vc_row gap=\u00a0\u00bb35&Prime;][vc_column][vc_column_text]<\/p>\n<h2><span style=\"color: #7fbccb;\"><strong>Travailleriez-vous avec n\u2019importe quel \u00ab\u00a0coach\u00a0\u00bb ?<\/strong><\/span><\/h2>\n<p>&nbsp;<\/p>\n<p data-start=\"213\" data-end=\"434\">Mon ami <a href=\"https:\/\/www.linkedin.com\/in\/michaelaguilarconferencier\/\">Michael AGUILAR<\/a>, le conf\u00e9rencier fran\u00e7ais admir\u00e9, sugg\u00e8re qu\u2019il ne ferait pas confiance \u00e0 des coaches qui n\u2019ont pas appliqu\u00e9 leurs propres principes, comme perdre du poids si c\u2019est leur domaine. J\u2019adore d\u00e9battre avec lui !<\/p>\n<p data-start=\"358\" data-end=\"420\"><a href=\"https:\/\/www.linkedin.com\/in\/julie-fiore-b48155154\/\">Julie FIORE<\/a>, l\u2019intervieweuse, ajoute une autre perspective :<\/p>\n<p data-start=\"422\" data-end=\"508\"><strong>\u00ab Les entreprises paient-elles vraiment pour offrir du coaching \u00e0 leurs employ\u00e9s ? \u00bb<\/strong><\/p>\n<p data-start=\"510\" data-end=\"596\">Avec tant de \u201ccoachs\u201d autoproclam\u00e9s sur les r\u00e9seaux sociaux, son doute est l\u00e9gitime.<\/p>\n<p data-start=\"598\" data-end=\"741\">Dans cette vid\u00e9o, je donne ma r\u00e9ponse pour expliquer ce que le coaching professionnel signifie pour moi, conform\u00e9ment aux standards de l\u2019ICF.<\/p>\n<p data-start=\"743\" data-end=\"878\">Il ne s\u2019agit pas de donner des conseils.<br data-start=\"783\" data-end=\"786\" \/>Il s\u2019agit de cr\u00e9er un espace de conscience et d\u2019action, bas\u00e9 sur un v\u00e9ritable partenariat.<\/p>\n<p data-start=\"880\" data-end=\"910\">Les coaches professionnels :<\/p>\n<ul data-start=\"912\" data-end=\"1054\">\n<li data-start=\"912\" data-end=\"965\">\n<p data-start=\"914\" data-end=\"965\">Sont form\u00e9s \u00e0 travers un processus transformateur<\/p>\n<\/li>\n<li data-start=\"966\" data-end=\"1054\">\n<p data-start=\"968\" data-end=\"1054\">Se mettent \u00e0 jour tous les 3 ans (dans mon cas, pour maintenir ma certification MCC)<\/p>\n<\/li>\n<\/ul>\n<p data-start=\"1056\" data-end=\"1252\">Depuis 16 ans, le coaching est mon plus grand sens de contribution. De plus, la capacit\u00e9 d\u2019\u00eatre formateur-coach (former en suscitant l\u2019app\u00e9tit avant de nourrir) est un facteur diff\u00e9renciant cl\u00e9.<\/p>\n<p data-start=\"1254\" data-end=\"1545\">Chez <a href=\"https:\/\/www.capkelenn.com\/\">CapKelenn | Sales &amp; Retail Coaching,<\/a> nous sommes fiers de coacher des managers pour qu\u2019ils deviennent des leaders-coachs, qui construisent des \u00e9quipes solides gr\u00e2ce \u00e0 la qualit\u00e9 de leurs conversations et rituels.<br data-start=\"1471\" data-end=\"1474\" \/>Et coacher des coaches est pour moi l\u2019exp\u00e9rience la plus gratifiante.<\/p>\n<p data-start=\"1547\" data-end=\"1687\">Le coaching est s\u00e9rieux. C\u2019est puissant. Et lorsqu\u2019il est bien fait, il change la vie.<br data-start=\"1633\" data-end=\"1636\" \/>\u2026et plus de 12 000 managers peuvent en t\u00e9moigner.<\/p>\n<p data-start=\"1689\" data-end=\"1711\">Interview compl\u00e8te :<\/p>\n<p><iframe loading=\"lazy\" title=\"Interview Benoit MAH\u00c9 par Julie Fiore\" width=\"500\" height=\"281\" src=\"https:\/\/www.youtube.com\/embed\/Zp0fNheV89w?start=1082&#038;feature=oembed\" frameborder=\"0\" allow=\"accelerometer; autoplay; clipboard-write; encrypted-media; gyroscope; picture-in-picture; web-share\" referrerpolicy=\"strict-origin-when-cross-origin\" allowfullscreen><\/iframe><\/p>\n<p><a href=\"https:\/\/www.capkelenn.com\/fr\/\"><i><span style=\"font-weight: 400;\">www.capkelenn.com<\/span><\/i><\/a><\/p>\n<p><i><span style=\"font-weight: 400;\">info@capkelenn.com<\/span><\/i><\/p>\n<p style=\"text-align: right;\"><b>Benoit Mah\u00e9 &#8211; Cofundador de CapKelenn\u00a0<\/b><\/p>\n<p>&nbsp;<\/p>\n<p>&nbsp;<\/p>\n<p>[\/vc_column_text][\/vc_column][\/vc_row][vc_row][vc_column][vc_column_text]<div class=\"addtoany_shortcode\"><div class=\"a2a_kit a2a_kit_size_32 addtoany_list\" data-a2a-url=\"https:\/\/www.capkelenn.com\/fr\/blog-fr\/travailleriez-vous-avec-nimporte-quel-coach\/\" data-a2a-title=\"Travailleriez-vous avec n\u2019importe quel \u00ab\u00a0coach\u00a0\u00bb ?\"><a class=\"a2a_dd addtoany_no_icon addtoany_share_save addtoany_share\" href=\"https:\/\/www.addtoany.com\/share\">Partager des nouvelles<\/a><\/div><\/div>[\/vc_column_text][\/vc_column][\/vc_row]<\/p>\n","protected":false},"excerpt":{"rendered":"<p>Dans cette vid\u00e9o, je donne ma r\u00e9ponse pour expliquer ce que le coaching professionnel signifie pour moi, conform\u00e9ment aux standards de l\u2019ICF.<\/p>\n","protected":false},"author":3,"featured_media":12260,"comment_status":"open","ping_status":"open","sticky":false,"template":"","format":"standard","meta":{"footnotes":""},"categories":[47],"tags":[],"class_list":["post-12266","post","type-post","status-publish","format-standard","hentry","category-blog-fr"],"yoast_head":"<!-- This site is optimized with the Yoast SEO plugin v22.7 - https:\/\/yoast.com\/wordpress\/plugins\/seo\/ -->\n<title>Travailleriez-vous avec n\u2019importe quel &quot;coach&quot; ?<\/title>\n<meta name=\"description\" content=\"Dans cette vid\u00e9o, je donne ma r\u00e9ponse pour expliquer ce que le coaching professionnel signifie pour moi, conform\u00e9ment aux standards de l\u2019ICF.\" \/>\n<meta name=\"robots\" content=\"index, follow, max-snippet:-1, max-image-preview:large, max-video-preview:-1\" \/>\n<link rel=\"canonical\" href=\"https:\/\/www.capkelenn.com\/fr\/blog-fr\/travailleriez-vous-avec-nimporte-quel-coach\/\" \/>\n<meta property=\"og:locale\" content=\"fr_FR\" \/>\n<meta property=\"og:type\" content=\"article\" \/>\n<meta property=\"og:title\" content=\"Travailleriez-vous avec n\u2019importe quel &quot;coach&quot; ?\" \/>\n<meta property=\"og:description\" content=\"Dans cette vid\u00e9o, je donne ma r\u00e9ponse pour expliquer ce que le coaching professionnel signifie pour moi, conform\u00e9ment aux standards de l\u2019ICF.\" \/>\n<meta property=\"og:url\" content=\"https:\/\/www.capkelenn.com\/fr\/blog-fr\/travailleriez-vous-avec-nimporte-quel-coach\/\" \/>\n<meta property=\"og:site_name\" content=\"CapKelenn\" \/>\n<meta property=\"article:published_time\" content=\"2025-12-04T15:56:45+00:00\" \/>\n<meta property=\"article:modified_time\" content=\"2025-12-04T16:19:44+00:00\" \/>\n<meta property=\"og:image\" content=\"https:\/\/www.capkelenn.com\/wp-content\/uploads\/2025\/12\/Coach.webp\" \/>\n\t<meta property=\"og:image:width\" content=\"1920\" \/>\n\t<meta property=\"og:image:height\" content=\"1082\" \/>\n\t<meta property=\"og:image:type\" content=\"image\/webp\" \/>\n<meta name=\"author\" content=\"lifting-ck\" \/>\n<meta name=\"twitter:card\" content=\"summary_large_image\" \/>\n<meta name=\"twitter:label1\" content=\"\u00c9crit par\" \/>\n\t<meta name=\"twitter:data1\" content=\"lifting-ck\" \/>\n\t<meta name=\"twitter:label2\" content=\"Dur\u00e9e de lecture estim\u00e9e\" \/>\n\t<meta name=\"twitter:data2\" content=\"2 minutes\" \/>\n<script type=\"application\/ld+json\" class=\"yoast-schema-graph\">{\"@context\":\"https:\/\/schema.org\",\"@graph\":[{\"@type\":\"WebPage\",\"@id\":\"https:\/\/www.capkelenn.com\/fr\/blog-fr\/travailleriez-vous-avec-nimporte-quel-coach\/\",\"url\":\"https:\/\/www.capkelenn.com\/fr\/blog-fr\/travailleriez-vous-avec-nimporte-quel-coach\/\",\"name\":\"Travailleriez-vous avec n\u2019importe quel \\\"coach\\\" ?\",\"isPartOf\":{\"@id\":\"https:\/\/www.capkelenn.com\/#website\"},\"primaryImageOfPage\":{\"@id\":\"https:\/\/www.capkelenn.com\/fr\/blog-fr\/travailleriez-vous-avec-nimporte-quel-coach\/#primaryimage\"},\"image\":{\"@id\":\"https:\/\/www.capkelenn.com\/fr\/blog-fr\/travailleriez-vous-avec-nimporte-quel-coach\/#primaryimage\"},\"thumbnailUrl\":\"https:\/\/www.capkelenn.com\/wp-content\/uploads\/2025\/12\/Coach.webp\",\"datePublished\":\"2025-12-04T15:56:45+00:00\",\"dateModified\":\"2025-12-04T16:19:44+00:00\",\"author\":{\"@id\":\"https:\/\/www.capkelenn.com\/#\/schema\/person\/50790cfc9b10c04f88388fb289603a04\"},\"description\":\"Dans cette vid\u00e9o, je donne ma r\u00e9ponse pour expliquer ce que le coaching professionnel signifie pour moi, conform\u00e9ment aux standards de l\u2019ICF.\",\"breadcrumb\":{\"@id\":\"https:\/\/www.capkelenn.com\/fr\/blog-fr\/travailleriez-vous-avec-nimporte-quel-coach\/#breadcrumb\"},\"inLanguage\":\"fr-FR\",\"potentialAction\":[{\"@type\":\"ReadAction\",\"target\":[\"https:\/\/www.capkelenn.com\/fr\/blog-fr\/travailleriez-vous-avec-nimporte-quel-coach\/\"]}]},{\"@type\":\"ImageObject\",\"inLanguage\":\"fr-FR\",\"@id\":\"https:\/\/www.capkelenn.com\/fr\/blog-fr\/travailleriez-vous-avec-nimporte-quel-coach\/#primaryimage\",\"url\":\"https:\/\/www.capkelenn.com\/wp-content\/uploads\/2025\/12\/Coach.webp\",\"contentUrl\":\"https:\/\/www.capkelenn.com\/wp-content\/uploads\/2025\/12\/Coach.webp\",\"width\":1920,\"height\":1082},{\"@type\":\"BreadcrumbList\",\"@id\":\"https:\/\/www.capkelenn.com\/fr\/blog-fr\/travailleriez-vous-avec-nimporte-quel-coach\/#breadcrumb\",\"itemListElement\":[{\"@type\":\"ListItem\",\"position\":1,\"name\":\"Portada\",\"item\":\"https:\/\/www.capkelenn.com\/fr\/\"},{\"@type\":\"ListItem\",\"position\":2,\"name\":\"Travailleriez-vous avec n\u2019importe quel \u00abcoach\u00bb ?\"}]},{\"@type\":\"WebSite\",\"@id\":\"https:\/\/www.capkelenn.com\/#website\",\"url\":\"https:\/\/www.capkelenn.com\/\",\"name\":\"CapKelenn\",\"description\":\"CapKelenn\",\"potentialAction\":[{\"@type\":\"SearchAction\",\"target\":{\"@type\":\"EntryPoint\",\"urlTemplate\":\"https:\/\/www.capkelenn.com\/?s={search_term_string}\"},\"query-input\":\"required name=search_term_string\"}],\"inLanguage\":\"fr-FR\"},{\"@type\":\"Person\",\"@id\":\"https:\/\/www.capkelenn.com\/#\/schema\/person\/50790cfc9b10c04f88388fb289603a04\",\"name\":\"lifting-ck\",\"image\":{\"@type\":\"ImageObject\",\"inLanguage\":\"fr-FR\",\"@id\":\"https:\/\/www.capkelenn.com\/#\/schema\/person\/image\/\",\"url\":\"https:\/\/secure.gravatar.com\/avatar\/a2efa8ea58e7a62d802db14ffa63446a?s=96&d=mm&r=g\",\"contentUrl\":\"https:\/\/secure.gravatar.com\/avatar\/a2efa8ea58e7a62d802db14ffa63446a?s=96&d=mm&r=g\",\"caption\":\"lifting-ck\"},\"url\":\"https:\/\/www.capkelenn.com\/fr\/author\/lifting-ck\/\"}]}<\/script>\n<!-- \/ Yoast SEO plugin. -->","yoast_head_json":{"title":"Travailleriez-vous avec n\u2019importe quel \"coach\" ?","description":"Dans cette vid\u00e9o, je donne ma r\u00e9ponse pour expliquer ce que le coaching professionnel signifie pour moi, conform\u00e9ment aux standards de l\u2019ICF.","robots":{"index":"index","follow":"follow","max-snippet":"max-snippet:-1","max-image-preview":"max-image-preview:large","max-video-preview":"max-video-preview:-1"},"canonical":"https:\/\/www.capkelenn.com\/fr\/blog-fr\/travailleriez-vous-avec-nimporte-quel-coach\/","og_locale":"fr_FR","og_type":"article","og_title":"Travailleriez-vous avec n\u2019importe quel \"coach\" ?","og_description":"Dans cette vid\u00e9o, je donne ma r\u00e9ponse pour expliquer ce que le coaching professionnel signifie pour moi, conform\u00e9ment aux standards de l\u2019ICF.","og_url":"https:\/\/www.capkelenn.com\/fr\/blog-fr\/travailleriez-vous-avec-nimporte-quel-coach\/","og_site_name":"CapKelenn","article_published_time":"2025-12-04T15:56:45+00:00","article_modified_time":"2025-12-04T16:19:44+00:00","og_image":[{"width":1920,"height":1082,"url":"https:\/\/www.capkelenn.com\/wp-content\/uploads\/2025\/12\/Coach.webp","type":"image\/webp"}],"author":"lifting-ck","twitter_card":"summary_large_image","twitter_misc":{"\u00c9crit par":"lifting-ck","Dur\u00e9e de lecture estim\u00e9e":"2 minutes"},"schema":{"@context":"https:\/\/schema.org","@graph":[{"@type":"WebPage","@id":"https:\/\/www.capkelenn.com\/fr\/blog-fr\/travailleriez-vous-avec-nimporte-quel-coach\/","url":"https:\/\/www.capkelenn.com\/fr\/blog-fr\/travailleriez-vous-avec-nimporte-quel-coach\/","name":"Travailleriez-vous avec n\u2019importe quel \"coach\" ?","isPartOf":{"@id":"https:\/\/www.capkelenn.com\/#website"},"primaryImageOfPage":{"@id":"https:\/\/www.capkelenn.com\/fr\/blog-fr\/travailleriez-vous-avec-nimporte-quel-coach\/#primaryimage"},"image":{"@id":"https:\/\/www.capkelenn.com\/fr\/blog-fr\/travailleriez-vous-avec-nimporte-quel-coach\/#primaryimage"},"thumbnailUrl":"https:\/\/www.capkelenn.com\/wp-content\/uploads\/2025\/12\/Coach.webp","datePublished":"2025-12-04T15:56:45+00:00","dateModified":"2025-12-04T16:19:44+00:00","author":{"@id":"https:\/\/www.capkelenn.com\/#\/schema\/person\/50790cfc9b10c04f88388fb289603a04"},"description":"Dans cette vid\u00e9o, je donne ma r\u00e9ponse pour expliquer ce que le coaching professionnel signifie pour moi, conform\u00e9ment aux standards de l\u2019ICF.","breadcrumb":{"@id":"https:\/\/www.capkelenn.com\/fr\/blog-fr\/travailleriez-vous-avec-nimporte-quel-coach\/#breadcrumb"},"inLanguage":"fr-FR","potentialAction":[{"@type":"ReadAction","target":["https:\/\/www.capkelenn.com\/fr\/blog-fr\/travailleriez-vous-avec-nimporte-quel-coach\/"]}]},{"@type":"ImageObject","inLanguage":"fr-FR","@id":"https:\/\/www.capkelenn.com\/fr\/blog-fr\/travailleriez-vous-avec-nimporte-quel-coach\/#primaryimage","url":"https:\/\/www.capkelenn.com\/wp-content\/uploads\/2025\/12\/Coach.webp","contentUrl":"https:\/\/www.capkelenn.com\/wp-content\/uploads\/2025\/12\/Coach.webp","width":1920,"height":1082},{"@type":"BreadcrumbList","@id":"https:\/\/www.capkelenn.com\/fr\/blog-fr\/travailleriez-vous-avec-nimporte-quel-coach\/#breadcrumb","itemListElement":[{"@type":"ListItem","position":1,"name":"Portada","item":"https:\/\/www.capkelenn.com\/fr\/"},{"@type":"ListItem","position":2,"name":"Travailleriez-vous avec n\u2019importe quel \u00abcoach\u00bb ?"}]},{"@type":"WebSite","@id":"https:\/\/www.capkelenn.com\/#website","url":"https:\/\/www.capkelenn.com\/","name":"CapKelenn","description":"CapKelenn","potentialAction":[{"@type":"SearchAction","target":{"@type":"EntryPoint","urlTemplate":"https:\/\/www.capkelenn.com\/?s={search_term_string}"},"query-input":"required name=search_term_string"}],"inLanguage":"fr-FR"},{"@type":"Person","@id":"https:\/\/www.capkelenn.com\/#\/schema\/person\/50790cfc9b10c04f88388fb289603a04","name":"lifting-ck","image":{"@type":"ImageObject","inLanguage":"fr-FR","@id":"https:\/\/www.capkelenn.com\/#\/schema\/person\/image\/","url":"https:\/\/secure.gravatar.com\/avatar\/a2efa8ea58e7a62d802db14ffa63446a?s=96&d=mm&r=g","contentUrl":"https:\/\/secure.gravatar.com\/avatar\/a2efa8ea58e7a62d802db14ffa63446a?s=96&d=mm&r=g","caption":"lifting-ck"},"url":"https:\/\/www.capkelenn.com\/fr\/author\/lifting-ck\/"}]}},"_links":{"self":[{"href":"https:\/\/www.capkelenn.com\/fr\/wp-json\/wp\/v2\/posts\/12266","targetHints":{"allow":["GET"]}}],"collection":[{"href":"https:\/\/www.capkelenn.com\/fr\/wp-json\/wp\/v2\/posts"}],"about":[{"href":"https:\/\/www.capkelenn.com\/fr\/wp-json\/wp\/v2\/types\/post"}],"author":[{"embeddable":true,"href":"https:\/\/www.capkelenn.com\/fr\/wp-json\/wp\/v2\/users\/3"}],"replies":[{"embeddable":true,"href":"https:\/\/www.capkelenn.com\/fr\/wp-json\/wp\/v2\/comments?post=12266"}],"version-history":[{"count":4,"href":"https:\/\/www.capkelenn.com\/fr\/wp-json\/wp\/v2\/posts\/12266\/revisions"}],"predecessor-version":[{"id":12290,"href":"https:\/\/www.capkelenn.com\/fr\/wp-json\/wp\/v2\/posts\/12266\/revisions\/12290"}],"wp:featuredmedia":[{"embeddable":true,"href":"https:\/\/www.capkelenn.com\/fr\/wp-json\/wp\/v2\/media\/12260"}],"wp:attachment":[{"href":"https:\/\/www.capkelenn.com\/fr\/wp-json\/wp\/v2\/media?parent=12266"}],"wp:term":[{"taxonomy":"category","embeddable":true,"href":"https:\/\/www.capkelenn.com\/fr\/wp-json\/wp\/v2\/categories?post=12266"},{"taxonomy":"post_tag","embeddable":true,"href":"https:\/\/www.capkelenn.com\/fr\/wp-json\/wp\/v2\/tags?post=12266"}],"curies":[{"name":"wp","href":"https:\/\/api.w.org\/{rel}","templated":true}]}}